{"id":7334,"date":"2018-11-23T09:04:09","date_gmt":"2018-11-23T09:04:09","guid":{"rendered":"http:\/\/guinnova.com\/?p=7334"},"modified":"2019-06-10T11:57:53","modified_gmt":"2019-06-10T11:57:53","slug":"tecnologia-para-la-transformacion-industrial-en-el-i-dia-de-la-industria-de-navarra","status":"publish","type":"post","link":"https:\/\/guinaz.com\/en\/tecnologia-para-la-transformacion-industrial-en-el-i-dia-de-la-industria-de-navarra\/","title":{"rendered":"Tecnolog\u00eda para la transformaci\u00f3n industrial en el &#8216;I D\u00eda de la Industria de Navarra&#8217;"},"content":{"rendered":"<p style=\"text-align: justify;\">Ayer 22 de Noviembre tuvo lugar el <strong>I D\u00eda de la Industria Navarra<\/strong> en el Navarra Arena, un evento organizado por el <a href=\"http:\/\/www.navarra.es\/home_es\/\">Gobierno de Navarra<\/a> y con la presentaci\u00f3n oficial del nuevo centro tecnol\u00f3gico de automoci\u00f3n y mecatr\u00f3nica, <a href=\"http:\/\/www.naitec.es\/\">NAITEC<\/a>.<\/p>\n<p style=\"text-align: justify;\">El evento ha contado con un espacio expositivo para mostrar algunas de las principales novedades ya operativas en la industria, y con un espacio destinado a las conferencias y mesas redondas, con el objetivo de informar y debatir entre los asistentes de las ventajas y posibles obst\u00e1culos de la industria navarra para la transformaci\u00f3n digital.<\/p>\n<p style=\"text-align: justify;\">Este evento pretend\u00eda sensibilizar a las pymes navarras en la <strong>necesidad de incorporar nuevas tecnolog\u00edas,<\/strong> transmitiendo la idea de que \u00abinvertir en estos instrumentos no es algo desorbitado sino que, al contrario, <strong>les permitir\u00e1 ser mas competitivas y optimizar sus recursos\u00bb,<\/strong> seg\u00fan expres\u00f3 Izaskun Go\u00f1i, la directora general de Pol\u00edtica Econ\u00f3mica y Empresarial y Trabajo del Gobierno de Navarra.<\/p>\n<p style=\"text-align: justify;\">La Industria Navarra destaca por haber incorporado al 21% de sus pymes herramientas de rob\u00f3tica, sens\u00f3rica y visi\u00f3n artificial., destacando el sector de la automoci\u00f3n y la movilidad.<\/p>\n<p style=\"text-align: justify;\"><img loading=\"lazy\" decoding=\"async\" class=\"size-medium wp-image-7361 alignleft\" src=\"https:\/\/guinnova.com\/wp-content\/uploads\/2018\/11\/naitec22-11-2018-1-5-300x200.jpg\" alt=\"\" width=\"300\" height=\"200\" srcset=\"https:\/\/guinaz.com\/wp-content\/uploads\/2018\/11\/naitec22-11-2018-1-5-300x200.jpg 300w, https:\/\/guinaz.com\/wp-content\/uploads\/2018\/11\/naitec22-11-2018-1-5-768x512.jpg 768w, https:\/\/guinaz.com\/wp-content\/uploads\/2018\/11\/naitec22-11-2018-1-5-1024x683.jpg 1024w, https:\/\/guinaz.com\/wp-content\/uploads\/2018\/11\/naitec22-11-2018-1-5.jpg 1200w\" sizes=\"auto, (max-width: 300px) 100vw, 300px\" \/>El vicepresidente de Desarrollo Econ\u00f3mico del Gobierno de Navarra, Mau Ayerdi, inaugur\u00f3 la primera edici\u00f3n de este evento, <strong>promoviendo la transformaci\u00f3n digital y la aplicaci\u00f3n de la tecnolog\u00eda<\/strong> para la mejora de la industria navarra.<\/p>\n<p style=\"text-align: justify;\">Durante el evento tambi\u00e9n se ha presentado a diferentes organismos que impulsan la aplicaci\u00f3n de la Industria 4.0 en las pymes navarras, como <a href=\"http:\/\/www.ain.es\/\">AIN<\/a> o <a href=\"http:\/\/atana.org\/es\/\">ATANA<\/a>, el cluster TIC de Navarra, que han presentado un diagn\u00f3stico del avance de la industria navarra en la digitalizaci\u00f3n y aplicaci\u00f3n de las tecnolog\u00edas 4.0.<\/p>\n<p style=\"text-align: justify;\">Por otro lado, en la jornada de l a tarde se presentaron ejemplos inspiradores de empresas navarras en los ejes estrat\u00e9gicos de la Comunidad Foral, que han tenido \u00e9xito en el crecimiento empresarial y en la transformaci\u00f3n tecnol\u00f3gica, como <a href=\"http:\/\/www.florette.es\/\">Florette<\/a>, <a href=\"http:\/\/idifarma.com\/es\/\">Idifarma<\/a> o <a href=\"https:\/\/www.comansa.com\/es\">Comansa<\/a>.<\/p>\n<p style=\"text-align: justify;\">Desde <a href=\"https:\/\/guinnova.com\">Guinnova<\/a> <strong>promovemos la Industria 4.0 como un proceso de mejora de los procesos productivos<\/strong>, aplicando tecnolog\u00eda a toda la cadena de valor y no s\u00f3lo visualizando la Industria 4.0 en aplicaciones inform\u00e1ticas sino en la <strong>mejora completa de los procesos industriales.\u00a0<\/strong><\/p>\n<p>&nbsp;<\/p>\n<p>&nbsp;<\/p>\n<p>&nbsp;<\/p>","protected":false},"excerpt":{"rendered":"<p>Ayer 22 de Noviembre tuvo lugar el I D\u00eda de la Industria Navarra en el Navarra Arena, un evento organizado por el Gobierno de Navarra y con la presentaci\u00f3n oficial del nuevo centro tecnol\u00f3gico de automoci\u00f3n y mecatr\u00f3nica, NAITEC. El evento ha contado con un espacio expositivo para mostrar algunas de las principales novedades ya [&hellip;]<\/p>","protected":false},"author":2,"featured_media":7358,"comment_status":"open","ping_status":"open","sticky":false,"template":"","format":"standard","meta":{"footnotes":""},"categories":[1],"tags":[105,104,106,108,107],"class_list":["post-7334","post","type-post","status-publish","format-standard","has-post-thumbnail","hentry","category-articles","tag-automocion","tag-industria-4-0","tag-innovacion","tag-tecnologia","tag-transformacion-digital"],"_links":{"self":[{"href":"https:\/\/guinaz.com\/en\/wp-json\/wp\/v2\/posts\/7334","targetHints":{"allow":["GET"]}}],"collection":[{"href":"https:\/\/guinaz.com\/en\/wp-json\/wp\/v2\/posts"}],"about":[{"href":"https:\/\/guinaz.com\/en\/wp-json\/wp\/v2\/types\/post"}],"author":[{"embeddable":true,"href":"https:\/\/guinaz.com\/en\/wp-json\/wp\/v2\/users\/2"}],"replies":[{"embeddable":true,"href":"https:\/\/guinaz.com\/en\/wp-json\/wp\/v2\/comments?post=7334"}],"version-history":[{"count":4,"href":"https:\/\/guinaz.com\/en\/wp-json\/wp\/v2\/posts\/7334\/revisions"}],"predecessor-version":[{"id":7948,"href":"https:\/\/guinaz.com\/en\/wp-json\/wp\/v2\/posts\/7334\/revisions\/7948"}],"wp:featuredmedia":[{"embeddable":true,"href":"https:\/\/guinaz.com\/en\/wp-json\/wp\/v2\/media\/7358"}],"wp:attachment":[{"href":"https:\/\/guinaz.com\/en\/wp-json\/wp\/v2\/media?parent=7334"}],"wp:term":[{"taxonomy":"category","embeddable":true,"href":"https:\/\/guinaz.com\/en\/wp-json\/wp\/v2\/categories?post=7334"},{"taxonomy":"post_tag","embeddable":true,"href":"https:\/\/guinaz.com\/en\/wp-json\/wp\/v2\/tags?post=7334"}],"curies":[{"name":"wp","href":"https:\/\/api.w.org\/{rel}","templated":true}]}}